{"id":2549,"date":"2022-06-23T11:39:07","date_gmt":"2022-06-23T11:39:07","guid":{"rendered":"https:\/\/www.saufer.com\/es\/?p=2549"},"modified":"2022-06-23T11:39:07","modified_gmt":"2022-06-23T11:39:07","slug":"consejos-para-reducir-el-gasto-de-aire-acondicionado","status":"publish","type":"post","link":"https:\/\/www.saufer.com\/es\/2022\/06\/23\/consejos-para-reducir-el-gasto-de-aire-acondicionado\/","title":{"rendered":"Consejos para reducir el gasto de aire acondicionado"},"content":{"rendered":"<p>En los meses de m\u00e1s calor, cuando ponemos en marcha el aire acondicionado, es cuando se producen los picos de consumo energ\u00e9tico en las empresas y en los hogares. Sigue estos consejos si quieres evitar sorpresas en la factura de la luz en verano:<\/p>\n<p>&nbsp;<\/p>\n<ol>\n<li><strong>Comprueba que la m\u00e1quina sea de la medida adecuada<\/strong> para el espacio que tiene que climatizar<\/li>\n<li><strong>Evita tener equipos muy viejos<\/strong>, puesto que su eficiencia y rendimiento bajan y har\u00e1n que aumente tu gasto econ\u00f3mico<\/li>\n<li>Con las altas temperaturas exteriores en verano, <strong>baja persianas y toldos<\/strong>, en caso de tener, en las horas de m\u00e1s insolaci\u00f3n<\/li>\n<li><strong>Deja el equipo de clima puesto en marcha por la ma\u00f1ana<\/strong> para que est\u00e9 todo el d\u00eda funcionando, as\u00ed mejoraremos el confort, la eficiencia y conseguiremos un ahorro econ\u00f3mico<\/li>\n<li><strong>No pongas en marcha y apagues continuamente la m\u00e1quina<\/strong> durante el d\u00eda, puesto que se perjudica el confort y se incrementa el coste econ\u00f3mico<\/li>\n<li><strong>No bajes la temperatura por debajo de los 25\u202f\u00b0C<\/strong>, esta es la \u00f3ptima para obtener un confort t\u00e9rmico<\/li>\n<li><strong>Por cada grado de temperatura que bajas<\/strong>, se incrementa hasta un 20% el consumo de energ\u00eda<\/li>\n<li><strong>Si durante el d\u00eda ha estado funcionando el aparato de clima, el calor no ha entrado en la vivienda<\/strong>, esto nos permitir\u00e1 pararlo por la noche, dado que las temperaturas nocturnas acostumbran a ser inferiores a 25 \u00b0C<\/li>\n<li><strong>Contrata un servicio de mantenimiento<\/strong> para mejorar la eficiencia y durabilidad<\/li>\n<\/ol>\n<p>&nbsp;<\/p>\n<p>En Saufer ofrecemos el <a href=\"https:\/\/www.saufer.com\/es\/mantenimiento\/\">servicio de mantenimiento preventivo y correctivo<\/a>, para sacar el m\u00e1ximo rendimiento y alargar la vida \u00fatil de tus instalaciones.<\/p>\n","protected":false},"excerpt":{"rendered":"<p>En los meses de m\u00e1s calor, cuando ponemos en marcha el aire acondicionado, es cuando se producen los picos de consumo energ\u00e9tico en las empresas y en los hogares. Sigue estos consejos si quieres evitar sorpresas en la factura de la luz en verano: &nbsp; Comprueba que la m\u00e1quina sea de la medida adecuada para &#8230; <a title=\"Consejos para reducir el gasto de aire acondicionado\" class=\"read-more\" href=\"https:\/\/www.saufer.com\/es\/2022\/06\/23\/consejos-para-reducir-el-gasto-de-aire-acondicionado\/\" aria-label=\"Leer m\u00e1s sobre Consejos para reducir el gasto de aire acondicionado\">Leer m\u00e1s<\/a><\/p>\n","protected":false},"author":3,"featured_media":2551,"comment_status":"closed","ping_status":"closed","sticky":false,"template":"","format":"standard","meta":{"footnotes":""},"categories":[8],"tags":[],"class_list":["post-2549","post","type-post","status-publish","format-standard","has-post-thumbnail","hentry","category-not"],"_links":{"self":[{"href":"https:\/\/www.saufer.com\/es\/wp-json\/wp\/v2\/posts\/2549","targetHints":{"allow":["GET"]}}],"collection":[{"href":"https:\/\/www.saufer.com\/es\/wp-json\/wp\/v2\/posts"}],"about":[{"href":"https:\/\/www.saufer.com\/es\/wp-json\/wp\/v2\/types\/post"}],"author":[{"embeddable":true,"href":"https:\/\/www.saufer.com\/es\/wp-json\/wp\/v2\/users\/3"}],"replies":[{"embeddable":true,"href":"https:\/\/www.saufer.com\/es\/wp-json\/wp\/v2\/comments?post=2549"}],"version-history":[{"count":1,"href":"https:\/\/www.saufer.com\/es\/wp-json\/wp\/v2\/posts\/2549\/revisions"}],"predecessor-version":[{"id":2550,"href":"https:\/\/www.saufer.com\/es\/wp-json\/wp\/v2\/posts\/2549\/revisions\/2550"}],"wp:featuredmedia":[{"embeddable":true,"href":"https:\/\/www.saufer.com\/es\/wp-json\/wp\/v2\/media\/2551"}],"wp:attachment":[{"href":"https:\/\/www.saufer.com\/es\/wp-json\/wp\/v2\/media?parent=2549"}],"wp:term":[{"taxonomy":"category","embeddable":true,"href":"https:\/\/www.saufer.com\/es\/wp-json\/wp\/v2\/categories?post=2549"},{"taxonomy":"post_tag","embeddable":true,"href":"https:\/\/www.saufer.com\/es\/wp-json\/wp\/v2\/tags?post=2549"}],"curies":[{"name":"wp","href":"https:\/\/api.w.org\/{rel}","templated":true}]}}