{"id":2770,"date":"2024-05-23T10:50:18","date_gmt":"2024-05-23T10:50:18","guid":{"rendered":"https:\/\/www.saufer.com\/es\/?p=2770"},"modified":"2024-06-19T08:10:18","modified_gmt":"2024-06-19T08:10:18","slug":"saufer-apuesta-por-el-talento-joven-para-asegurar-el-futuro-del-sector","status":"publish","type":"post","link":"https:\/\/www.saufer.com\/es\/2024\/05\/23\/saufer-apuesta-por-el-talento-joven-para-asegurar-el-futuro-del-sector\/","title":{"rendered":"Saufer apuesta por el talento joven para asegurar el futuro del sector"},"content":{"rendered":"<p>La carencia de profesionales calificados en los oficios manuales es cada vez m\u00e1s evidente, y las empresas instaladoras no se quedan al margen de esta problem\u00e1tica que hay que abordar con determinaci\u00f3n. Ante esta situaci\u00f3n, desde Saufer apostamos por el talento joven como garant\u00eda para poder dar continuidad al desarrollo de estos oficios y, as\u00ed, asegurar el futuro.<\/p>\n<p>La disminuci\u00f3n en el n\u00famero de j\u00f3venes que optan por estos oficios supone un reto, que a la vez se suma a la carencia de relevo generacional y al envejecimiento del sector. Todo ello, requiere sumar esfuerzos y buscar soluciones eficaces que permitan la sostenibilidad de estos trabajos.<\/p>\n<p>En este sentido, y aprovechando la finalizaci\u00f3n del curso escolar 2023-24, desde SAUFER hacemos un balance positivo porque este a\u00f1o hemos tenido un total de 12 alumnos en pr\u00e1ticas de la Escola del Treball, el Institut Guind\u00e0vols, el Programa Formaci\u00f3 Professional Ocupacional de l\u2019Associaci\u00f3 Reintegra amb el Gremi y del Centre d\u2019Innovaci\u00f3, la Formaci\u00f3 Ocupacional (CIFO) de Lleida, el Centre Educatiu El Segre y el CIRE (Centre d\u2019Iniciatives per a la Reinserci\u00f3) y Salesians Fundaci\u00f3 Magone con el Programa Incorpora Fundaci\u00f3 \u201cla Caixa\u201d. Esta es una manera efectiva de transmitir conocimientos y experiencia, a la vez que los j\u00f3venes tienen la posibilidad de desarrollar sus habilidades en un entorno real de trabajo. De hecho, algunos de ellos, despu\u00e9s de finalizar las pr\u00e1cticas o la formaci\u00f3n dual, se incorporan como trabajadores y aseguran el futuro de la empresa. Para el pr\u00f3ximo curso, esperamos acoger m\u00e1s alumnos para continuar formando los futuros trabajadores de nuestro sector y disminuir el grave problema de mano de obra que tenemos todos juntos.<\/p>\n<p>La conexi\u00f3n entre el mundo acad\u00e9mico y el laboral permite crear puentes entre generaciones y fomentar la transferencia del conocimiento y la innovaci\u00f3n. En definitiva, esta apuesta esdeviene clave para el mantenimiento y desarrollo de estos oficios, que no solo tienen que ser el presente, sino tambi\u00e9n el futuro.<\/p>\n","protected":false},"excerpt":{"rendered":"<p>La carencia de profesionales calificados en los oficios manuales es cada vez m\u00e1s evidente, y las empresas instaladoras no se quedan al margen de esta problem\u00e1tica que hay que abordar con determinaci\u00f3n. Ante esta situaci\u00f3n, desde Saufer apostamos por el talento joven como garant\u00eda para poder dar continuidad al desarrollo de estos oficios y, as\u00ed, &#8230; <a title=\"Saufer apuesta por el talento joven para asegurar el futuro del sector\" class=\"read-more\" href=\"https:\/\/www.saufer.com\/es\/2024\/05\/23\/saufer-apuesta-por-el-talento-joven-para-asegurar-el-futuro-del-sector\/\" aria-label=\"Leer m\u00e1s sobre Saufer apuesta por el talento joven para asegurar el futuro del sector\">Leer m\u00e1s<\/a><\/p>\n","protected":false},"author":3,"featured_media":2773,"comment_status":"closed","ping_status":"closed","sticky":false,"template":"","format":"standard","meta":{"footnotes":""},"categories":[8],"tags":[],"class_list":["post-2770","post","type-post","status-publish","format-standard","has-post-thumbnail","hentry","category-not"],"_links":{"self":[{"href":"https:\/\/www.saufer.com\/es\/wp-json\/wp\/v2\/posts\/2770","targetHints":{"allow":["GET"]}}],"collection":[{"href":"https:\/\/www.saufer.com\/es\/wp-json\/wp\/v2\/posts"}],"about":[{"href":"https:\/\/www.saufer.com\/es\/wp-json\/wp\/v2\/types\/post"}],"author":[{"embeddable":true,"href":"https:\/\/www.saufer.com\/es\/wp-json\/wp\/v2\/users\/3"}],"replies":[{"embeddable":true,"href":"https:\/\/www.saufer.com\/es\/wp-json\/wp\/v2\/comments?post=2770"}],"version-history":[{"count":5,"href":"https:\/\/www.saufer.com\/es\/wp-json\/wp\/v2\/posts\/2770\/revisions"}],"predecessor-version":[{"id":2786,"href":"https:\/\/www.saufer.com\/es\/wp-json\/wp\/v2\/posts\/2770\/revisions\/2786"}],"wp:featuredmedia":[{"embeddable":true,"href":"https:\/\/www.saufer.com\/es\/wp-json\/wp\/v2\/media\/2773"}],"wp:attachment":[{"href":"https:\/\/www.saufer.com\/es\/wp-json\/wp\/v2\/media?parent=2770"}],"wp:term":[{"taxonomy":"category","embeddable":true,"href":"https:\/\/www.saufer.com\/es\/wp-json\/wp\/v2\/categories?post=2770"},{"taxonomy":"post_tag","embeddable":true,"href":"https:\/\/www.saufer.com\/es\/wp-json\/wp\/v2\/tags?post=2770"}],"curies":[{"name":"wp","href":"https:\/\/api.w.org\/{rel}","templated":true}]}}