{"id":2780,"date":"2024-06-05T07:58:09","date_gmt":"2024-06-05T07:58:09","guid":{"rendered":"https:\/\/www.saufer.com\/es\/?p=2780"},"modified":"2024-06-05T08:05:08","modified_gmt":"2024-06-05T08:05:08","slug":"creacion-de-un-refugio-climatico-en-el-instituto-maria-rubies-de-lleida","status":"publish","type":"post","link":"https:\/\/www.saufer.com\/es\/2024\/06\/05\/creacion-de-un-refugio-climatico-en-el-instituto-maria-rubies-de-lleida\/","title":{"rendered":"Creaci\u00f3n de un refugio clim\u00e1tico en el Instituto Maria R\u00fabies de Lleida"},"content":{"rendered":"<p><span data-contrast=\"none\">Uno de los proyectos de Saufer que recientemente ha entrado en funcionamiento es el refugio clim\u00e1tico del <a href=\"https:\/\/agora.xtec.cat\/iesmariarubies\/\">Instituto Maria R\u00fabies de Lleida<\/a>. Este proyecto se ha desarrollado durante el periodo 2023-2024 y es esencial para combatir el calor en el centro escolar. <\/span><\/p>\n<p><span data-contrast=\"none\">La creaci\u00f3n de refugios clim\u00e1ticos en instituciones educativas es una medida imprescindible para garantizar el bienestar y la salud de los estudiantes y del personal durante los \u00faltimos meses del curso escolar, cuando el calor ya empieza a ser intenso. En un contexto de aumento de las temperaturas, proporcionar espacios adecuadamente climatizados donde las personas puedan refugiarse es fundamental para evitar problemas de salud y mejorar el confort ambiental.<\/span><span data-ccp-props=\"{&quot;335551550&quot;:6,&quot;335551620&quot;:6,&quot;335557856&quot;:16777215}\">\u00a0<\/span><\/p>\n<h3><img fetchpriority=\"high\" decoding=\"async\" class=\"size-medium wp-image-2428 alignnone\" src=\"https:\/\/www.saufer.com\/wp-content\/uploads\/2024\/06\/blog-1-300x225.jpg\" alt=\"\" width=\"300\" height=\"225\" \/><\/h3>\n<h3><b><span data-contrast=\"none\">\u00bfQu\u00e9 es un refugio clim\u00e1tico?<\/span><\/b><\/h3>\n<p><span data-contrast=\"none\">Un refugio clim\u00e1tico es un espacio condicionado para mantener una temperatura interior confortable, independientemente de las condiciones clim\u00e1ticas exteriores. Estos espacios permiten a las personas trabajar en un ambiente confortable cuando las temperaturas exteriores son elevadas.<\/span><span data-ccp-props=\"{&quot;335551550&quot;:6,&quot;335551620&quot;:6,&quot;335557856&quot;:16777215}\">\u00a0<\/span><\/p>\n<p><span data-contrast=\"none\">Para este proyecto en el Instituto Maria R\u00fabies, se ha instalado un sistema de climatizaci\u00f3n con aerotermia, una tecnolog\u00eda eficiente y sostenible que aprovecha la energ\u00eda del aire exterior para proporcionar calefacci\u00f3n y refrigeraci\u00f3n. Adem\u00e1s, se ha implementado un sistema de ventilaci\u00f3n con un recuperador de calor que asegura una renovaci\u00f3n constante del aire, mejorando la calidad ambiental de los espacios.<\/span><span data-ccp-props=\"{&quot;335551550&quot;:6,&quot;335551620&quot;:6,&quot;335557856&quot;:16777215}\">\u00a0<\/span><\/p>\n<p><span data-contrast=\"none\">Este proyecto no solo mejora las condiciones de confort dentro del centro, sino que tambi\u00e9n representa un compromiso con la sostenibilidad y la eficiencia energ\u00e9tica. Adem\u00e1s, es un excelente ejemplo de c\u00f3mo la tecnolog\u00eda puede ayudar a crear espacios m\u00e1s seguros y confortables para todo el mundo.<\/span><span data-ccp-props=\"{&quot;335551550&quot;:6,&quot;335551620&quot;:6,&quot;335557856&quot;:16777215}\">\u00a0<\/span><\/p>\n","protected":false},"excerpt":{"rendered":"<p>Uno de los proyectos de Saufer que recientemente ha entrado en funcionamiento es el refugio clim\u00e1tico del Instituto Maria R\u00fabies de Lleida. Este proyecto se ha desarrollado durante el periodo 2023-2024 y es esencial para combatir el calor en el centro escolar. La creaci\u00f3n de refugios clim\u00e1ticos en instituciones educativas es una medida imprescindible para &#8230; <a title=\"Creaci\u00f3n de un refugio clim\u00e1tico en el Instituto Maria R\u00fabies de Lleida\" class=\"read-more\" href=\"https:\/\/www.saufer.com\/es\/2024\/06\/05\/creacion-de-un-refugio-climatico-en-el-instituto-maria-rubies-de-lleida\/\" aria-label=\"Leer m\u00e1s sobre Creaci\u00f3n de un refugio clim\u00e1tico en el Instituto Maria R\u00fabies de Lleida\">Leer m\u00e1s<\/a><\/p>\n","protected":false},"author":3,"featured_media":2783,"comment_status":"closed","ping_status":"closed","sticky":false,"template":"","format":"standard","meta":{"footnotes":""},"categories":[8],"tags":[],"class_list":["post-2780","post","type-post","status-publish","format-standard","has-post-thumbnail","hentry","category-not"],"_links":{"self":[{"href":"https:\/\/www.saufer.com\/es\/wp-json\/wp\/v2\/posts\/2780","targetHints":{"allow":["GET"]}}],"collection":[{"href":"https:\/\/www.saufer.com\/es\/wp-json\/wp\/v2\/posts"}],"about":[{"href":"https:\/\/www.saufer.com\/es\/wp-json\/wp\/v2\/types\/post"}],"author":[{"embeddable":true,"href":"https:\/\/www.saufer.com\/es\/wp-json\/wp\/v2\/users\/3"}],"replies":[{"embeddable":true,"href":"https:\/\/www.saufer.com\/es\/wp-json\/wp\/v2\/comments?post=2780"}],"version-history":[{"count":2,"href":"https:\/\/www.saufer.com\/es\/wp-json\/wp\/v2\/posts\/2780\/revisions"}],"predecessor-version":[{"id":2782,"href":"https:\/\/www.saufer.com\/es\/wp-json\/wp\/v2\/posts\/2780\/revisions\/2782"}],"wp:featuredmedia":[{"embeddable":true,"href":"https:\/\/www.saufer.com\/es\/wp-json\/wp\/v2\/media\/2783"}],"wp:attachment":[{"href":"https:\/\/www.saufer.com\/es\/wp-json\/wp\/v2\/media?parent=2780"}],"wp:term":[{"taxonomy":"category","embeddable":true,"href":"https:\/\/www.saufer.com\/es\/wp-json\/wp\/v2\/categories?post=2780"},{"taxonomy":"post_tag","embeddable":true,"href":"https:\/\/www.saufer.com\/es\/wp-json\/wp\/v2\/tags?post=2780"}],"curies":[{"name":"wp","href":"https:\/\/api.w.org\/{rel}","templated":true}]}}